{"id":173243,"date":"2026-09-01T12:56:30","date_gmt":"2026-09-01T10:56:30","guid":{"rendered":"https:\/\/www.mistrend.ch\/les-jeunes-sinforment-la-ou-ils-ne-croient-pas-2\/"},"modified":"2026-09-01T13:37:53","modified_gmt":"2026-09-01T11:37:53","slug":"les-jeunes-sinforment-la-ou-ils-ne-croient-pas","status":"publish","type":"post","link":"https:\/\/www.mistrend.ch\/it\/les-jeunes-sinforment-la-ou-ils-ne-croient-pas\/","title":{"rendered":"Les jeunes s&#8217;informent l\u00e0 o\u00f9 ils ne croient pas"},"content":{"rendered":"<p><strong>Notre \u00e9tude men\u00e9e aupr\u00e8s de 782 Romandes et Romands de 15 \u00e0 40 ans, r\u00e9alis\u00e9e pour Blick et le Club suisse de la presse dans le cadre des Assises du journalisme, bouscule les id\u00e9es re\u00e7ues : les jeunes s&#8217;informent bel et bien. Mais ils le font sur des canaux auxquels ils ne font pas confiance.<\/strong><\/p>\n<p><strong>Une g\u00e9n\u00e9ration connect\u00e9e \u00e0 l&#8217;actualit\u00e9<\/strong><\/p>\n<p>Le clich\u00e9 d&#8217;une jeunesse d\u00e9sengag\u00e9e de l&#8217;information ne r\u00e9siste pas aux chiffres. Seuls 5% des r\u00e9pondants d\u00e9clarent ne pas vraiment s&#8217;informer, et les sond\u00e9s consacrent en moyenne 48 minutes par jour \u00e0 l&#8217;actualit\u00e9. Les pratiques se r\u00e9partissent presque \u00e0 parts \u00e9gales entre recherche active (32%), r\u00e9ception passive (30%) et un m\u00e9lange des deux selon les sujets (33%).<\/p>\n<p><strong>Le paradoxe central : l&#8217;usage sans la confiance<\/strong><\/p>\n<p>Les r\u00e9seaux sociaux dominent les usages : 45% les consultent tous les jours ou presque pour s&#8217;informer, Instagram atteignant \u00e0 lui seul 44%. Mais 78% des sond\u00e9s d\u00e9clarent ne pas leur faire confiance. \u00c0 l&#8217;inverse, la radio et les m\u00e9dias \u00e9crits recueillent 73% de confiance, la t\u00e9l\u00e9vision 69%, sans \u00eatre consult\u00e9s quotidiennement par plus d&#8217;un quart des r\u00e9pondants. M\u00eame ambivalence pour TikTok : d\u00e9sign\u00e9 premier lieu de circulation des fake news (51%), il reste consult\u00e9 chaque jour par un quart des sond\u00e9s. Les jeunes ne sont pas dupes des plateformes qu&#8217;ils fr\u00e9quentent. Ils s&#8217;informent en connaissance de cause.<\/p>\n<p><strong>Journalistes et cr\u00e9ateurs de contenu : deux m\u00e9tiers, deux r\u00f4les<\/strong><\/p>\n<p>Les journalistes conservent un capital de confiance solide : 66%, contre 31% pour les politiciens, 27% pour les GAFAM et 22% pour les cr\u00e9ateurs de contenu. La distinction des r\u00f4les est tout aussi nette : pour 85% des sond\u00e9s, le journaliste est l\u00e0 pour informer. Le cr\u00e9ateur de contenu, lui, divertit (50%), donne son opinion (23%) ou influence (20%). Seuls 7% lui reconnaissent un r\u00f4le d&#8217;information.<\/p>\n<p><strong>L&#8217;IA, nouvelle source et nouveau doute<\/strong><\/p>\n<p>15% des jeunes s&#8217;informent d\u00e9sormais tous les jours ou presque via une IA, 43% au moins une fois par semaine, soit d\u00e9j\u00e0 le niveau de la radio. Dans le m\u00eame temps, 83% d\u00e9clarent se m\u00e9fier davantage de l&#8217;information depuis le d\u00e9veloppement de l&#8217;IA, et 75% craignent les fake news.<\/p>\n<p><strong>Un consensus rare : l&#8217;\u00e9cole doit former<\/strong><\/p>\n<p>Face \u00e0 ce constat, les jeunes ne restent pas passifs : 84% d\u00e9clarent v\u00e9rifier au moins parfois une information avant de la partager, d&#8217;abord en croisant plusieurs sources (70%). Et un chiffre \u00e9crase tous les autres : 91% estiment que l&#8217;\u00e9cole devrait apprendre aux jeunes \u00e0 reconna\u00eetre les fake news.<\/p>\n<p><strong>M\u00e9thodologie<\/strong><\/p>\n<p>Questionnaire en ligne diffus\u00e9 du 27 juillet au 10 ao\u00fbt 2026 via les plateformes de Blick et le panel MIS Trend. 782 participantes et participants de 15 \u00e0 40 ans en Suisse romande, pond\u00e9r\u00e9s par canton, genre et tranche d&#8217;\u00e2ges. Marge d&#8217;erreur maximale sur le total : \u00b1 3.5 points.<\/p>\n<p>&nbsp;<\/p>\n<p><a href=\"https:\/\/www.mistrend.ch\/wp-content\/uploads\/2026\/09\/Club-suisse-de-la-presse_Les-jeunes-et-linformation_20260826.pdf\" target=\"_blank\" rel=\"noopener\">T\u00e9l\u00e9charger l&#8217;\u00e9tude compl\u00e8te<\/a><\/p>\n<p><a href=\"https:\/\/www.blick.ch\/fr\/suisse\/romande\/reseaux-sociaux-les-jeunes-s-informent-mais-s-en-mefient-id22214321.html\" target=\"_blank\" rel=\"noopener\">Lire l&#8217;article<\/a> de Blick<\/p>\n<p>&nbsp;<\/p>\n","protected":false},"excerpt":{"rendered":"<p>Notre \u00e9tude men\u00e9e aupr\u00e8s de 782 Romandes et Romands de 15 \u00e0 40 ans, r\u00e9alis\u00e9e pour Blick et le Club [&hellip;]<\/p>\n","protected":false},"author":1,"featured_media":173237,"comment_status":"closed","ping_status":"closed","sticky":false,"template":"","format":"standard","meta":{"footnotes":""},"categories":[418],"tags":[445],"class_list":["post-173243","post","type-post","status-publish","format-standard","has-post-thumbnail","hentry","category-ricerca-sociale","tag-mise-en-avant"],"_links":{"self":[{"href":"https:\/\/www.mistrend.ch\/it\/wp-json\/wp\/v2\/posts\/173243","targetHints":{"allow":["GET"]}}],"collection":[{"href":"https:\/\/www.mistrend.ch\/it\/wp-json\/wp\/v2\/posts"}],"about":[{"href":"https:\/\/www.mistrend.ch\/it\/wp-json\/wp\/v2\/types\/post"}],"author":[{"embeddable":true,"href":"https:\/\/www.mistrend.ch\/it\/wp-json\/wp\/v2\/users\/1"}],"replies":[{"embeddable":true,"href":"https:\/\/www.mistrend.ch\/it\/wp-json\/wp\/v2\/comments?post=173243"}],"version-history":[{"count":1,"href":"https:\/\/www.mistrend.ch\/it\/wp-json\/wp\/v2\/posts\/173243\/revisions"}],"predecessor-version":[{"id":173250,"href":"https:\/\/www.mistrend.ch\/it\/wp-json\/wp\/v2\/posts\/173243\/revisions\/173250"}],"wp:featuredmedia":[{"embeddable":true,"href":"https:\/\/www.mistrend.ch\/it\/wp-json\/wp\/v2\/media\/173237"}],"wp:attachment":[{"href":"https:\/\/www.mistrend.ch\/it\/wp-json\/wp\/v2\/media?parent=173243"}],"wp:term":[{"taxonomy":"category","embeddable":true,"href":"https:\/\/www.mistrend.ch\/it\/wp-json\/wp\/v2\/categories?post=173243"},{"taxonomy":"post_tag","embeddable":true,"href":"https:\/\/www.mistrend.ch\/it\/wp-json\/wp\/v2\/tags?post=173243"}],"curies":[{"name":"wp","href":"https:\/\/api.w.org\/{rel}","templated":true}]}}